{"id":9261,"date":"2014-04-04T06:30:27","date_gmt":"2014-04-04T11:30:27","guid":{"rendered":"https:\/\/cimbcc.org\/test2\/?p=9261"},"modified":"2023-10-16T22:16:51","modified_gmt":"2023-10-17T02:16:51","slug":"mot-du-president-avril-2014","status":"publish","type":"post","link":"https:\/\/cimbcc.org\/test2\/mot-du-president-avril-2014\/","title":{"rendered":"Le mot du pr\u00e9sident &#8211; avril 2014"},"content":{"rendered":"<figure id=\"attachment_23836\" aria-describedby=\"caption-attachment-23836\" style=\"width: 125px\" class=\"wp-caption aligncenter\"><img loading=\"lazy\" decoding=\"async\" class=\"size-full wp-image-23836\" src=\"https:\/\/cimbcc.org\/test2\/wp-content\/uploads\/photo_cote_rejean.jpg\" alt=\"\" width=\"125\" height=\"125\" \/><figcaption id=\"caption-attachment-23836\" class=\"wp-caption-text\"><span style=\"color: #ffffff;\">mmmm<\/span>R\u00e9jean C\u00f4t\u00e9<\/figcaption><\/figure>\n<h4 style=\"text-align: left;\" align=\"center\">Le<strong> sondage \u00e9clair<\/strong><\/h4>\n<p style=\"text-align: justify;\">Dans le dernier <i>Mot du pr\u00e9sident<\/i>, j\u2019ai demand\u00e9 aux membres de participer \u00e0 un sondage \u00e9clair afin de nous aider \u00e0 mieux planifier les pr\u00e9sentations de l\u2019an prochain.<\/p>\n<p style=\"text-align: justify;\">Seulement 29\u00a0%\u00a0des membres ont r\u00e9pondu \u00e0 ce sondage. Est-ce que l\u2019avis de 180\u00a0r\u00e9pondants sur 615\u00a0membres est suffisant? \u00c0 vous d\u2019en juger.<\/p>\n<p style=\"text-align: justify;\">Voici donc les r\u00e9sultats obtenus\u00a0\u00e0 la deuxi\u00e8me\u00a0question du sondage.<\/p>\n<p style=\"text-align: justify;\"><em><!--more--><\/em><b><\/b><\/p>\n<p style=\"text-align: justify;\"><em>Quels\u00a0syst\u00e8mes d\u2019exploitation\u00a0utilisez-vous au moins une fois par semaine?<\/em><\/p>\n<table>\n<tbody>\n<tr>\n<td><span style=\"font-size: 12pt;\">Linux\u00a0<\/span><\/td>\n<td style=\"text-align: center;\"><span style=\"font-size: 12pt;\">6\u00a0votes\u00a0<\/span><\/td>\n<td style=\"text-align: center;\"><span style=\"font-size: 12pt;\">3\u00a0%<\/span><\/td>\n<\/tr>\n<tr>\n<td><span style=\"font-size: 12pt;\">Mac OS<\/span><\/td>\n<td style=\"text-align: center;\"><span style=\"font-size: 12pt;\">13\u00a0votes<\/span><\/td>\n<td style=\"text-align: center;\"><span style=\"font-size: 12pt;\">7\u00a0%<\/span><\/td>\n<\/tr>\n<tr>\n<td><span style=\"font-size: 12pt;\">Vista<\/span><\/td>\n<td style=\"text-align: center;\"><span style=\"font-size: 12pt;\">28\u00a0votes<\/span><\/td>\n<td style=\"text-align: center;\"><span style=\"font-size: 12pt;\">16\u00a0%<\/span><\/td>\n<\/tr>\n<tr>\n<td><span style=\"font-size: 12pt;\">Windows\u00a08<\/span><\/td>\n<td style=\"text-align: center;\"><span style=\"font-size: 12pt;\">50\u00a0votes\u00a0<\/span><\/td>\n<td style=\"text-align: center;\"><span style=\"font-size: 12pt;\">28\u00a0%<\/span><\/td>\n<\/tr>\n<tr>\n<td><span style=\"font-size: 12pt;\">XP<\/span><\/td>\n<td style=\"text-align: center;\"><span style=\"font-size: 12pt;\">65\u00a0votes\u00a0<\/span><\/td>\n<td style=\"text-align: center;\"><span style=\"font-size: 12pt;\">36\u00a0%<\/span><\/td>\n<\/tr>\n<tr>\n<td><span style=\"font-size: 12pt;\">Windows\u00a07<\/span><\/td>\n<td style=\"text-align: center;\"><span style=\"font-size: 12pt;\">97\u00a0votes<\/span><\/td>\n<td style=\"text-align: center;\"><span style=\"font-size: 12pt;\">54\u00a0%<\/span><\/td>\n<\/tr>\n<\/tbody>\n<\/table>\n<p style=\"text-align: justify;\">Chaque r\u00e9pondant pouvait choisir plus d\u2019une\u00a0r\u00e9ponse; on compte ainsi un total de 259\u00a0votes. Le pourcentage pour chacun des r\u00e9sultats repr\u00e9sente la proportion des votes sur le total des 180\u00a0r\u00e9pondants.<\/p>\n<p style=\"text-align: justify;\">Merci bien \u00e0 tous les membres qui ont particip\u00e9 au sondage \u00e9clair.<\/p>\n<h4 style=\"text-align: justify;\">La d\u00e9mocratie au club<\/h4>\n<p style=\"text-align: justify;\">Le conseil d\u2019administration, compos\u00e9 d\u2019un maximum de 12\u00a0membres, se r\u00e9unit chaque mois, sauf en juillet. Ses membres sont \u00e9lus par une assembl\u00e9e g\u00e9n\u00e9rale annuelle des membres du club. Pour \u00eatre \u00e9ligible, il faut \u00eatre membre et b\u00e9n\u00e9vole du club et avoir pos\u00e9 sa candidature dans les d\u00e9lais fix\u00e9s.<\/p>\n<p style=\"text-align: justify;\">Le club ne peut exister sans ses administrateurs. Vous \u00eates donc invit\u00e9s \u00e0 poser votre candidature \u00e0 l\u2019un des postes \u00e0 pourvoir au conseil d\u2019administration. Au moment o\u00f9 vous lirez ces lignes, vous aurez d\u00e9j\u00e0 re\u00e7u la convocation \u00e0 l\u2019assembl\u00e9e g\u00e9n\u00e9rale du mercredi 16\u00a0avril et l\u2019invitation \u00e0 poser votre candidature comme administrateur du club.<\/p>\n<p style=\"text-align: justify;\">La loi oblige le club \u00e0 tenir au moins une\u00a0assembl\u00e9e g\u00e9n\u00e9rale par ann\u00e9e et tous les membres y sont convoqu\u00e9s. C\u2019est aussi lors de cette assembl\u00e9e que les nouveaux membres du conseil d\u2019administration sont \u00e9lus.<\/p>\n<p style=\"text-align: justify;\">Malheureusement, plusieurs membres ont sans doute hauss\u00e9 les \u00e9paules et se sont dit quelque chose comme\u00a0: <i>\u00ab\u00a0Pourquoi aller l\u00e0? J\u2019ai mieux \u00e0 faire.\u00a0\u00bb<\/i> Vos administrateurs ont besoin de sentir que les membres les appuient. Une bonne fa\u00e7on de leur manifester votre soutien, c\u2019est de participer \u00e0 l\u2019assembl\u00e9e g\u00e9n\u00e9rale.<\/p>\n<p style=\"text-align: justify;\">M\u00eame si ce n\u2019est pas un \u00e9v\u00e9nement des plus enlevants, l\u2019assembl\u00e9e est n\u00e9cessaire et dure en g\u00e9n\u00e9ral moins d\u2019une\u00a0heure. Elle sera suivie d\u2019une pr\u00e9sentation sur <b><i>Comment s\u2019assurer que son ordinateur peut installer une version sup\u00e9rieure d\u2019un syst\u00e8me d\u2019exploitation<\/i> <\/b>(par exemple, passer de Windows\u00a0XP \u00e0 Windows\u00a08.1). Cette pr\u00e9sentation pr\u00e9c\u00e8dera une\u00a0p\u00e9riode de<b> <i>Questions &amp; R\u00e9ponses.<\/i><\/b><\/p>\n<p style=\"text-align: justify;\">L\u2019ann\u00e9e derni\u00e8re, plus de 90\u00a0membres ont assist\u00e9 \u00e0 l\u2019assembl\u00e9e g\u00e9n\u00e9rale. J\u2019esp\u00e8re que cette ann\u00e9e vous serez au moins aussi nombreux. Venez \u00e0 l\u2019assembl\u00e9e g\u00e9n\u00e9rale, vos administrateurs vous en seront reconnaissants. Vous servirez aussi la d\u00e9mocratie parce que le club, c\u2019est votre affaire et ce sera une fa\u00e7on pour vous de vous en occuper.<\/p>\n<p style=\"text-align: justify;\">Au plaisir de vous y retrouver nombreux.<\/p>\n<p>R\u00e9jean C\u00f4t\u00e9, pr\u00e9sident<\/p>\n","protected":false},"excerpt":{"rendered":"<p>Le sondage \u00e9clair Dans le dernier Mot du pr\u00e9sident, j\u2019ai demand\u00e9 aux membres de participer \u00e0 un sondage \u00e9clair afin de nous aider \u00e0 mieux planifier les pr\u00e9sentations de l\u2019an prochain. Seulement 29\u00a0%\u00a0des membres ont r\u00e9pondu \u00e0 ce sondage. Est-ce que l\u2019avis de 180\u00a0r\u00e9pondants sur 615\u00a0membres est suffisant? \u00c0 vous d\u2019en juger. Voici donc les &hellip; <a href=\"https:\/\/cimbcc.org\/test2\/mot-du-president-avril-2014\/\" class=\"more-link\">Continuer la lecture de <span class=\"screen-reader-text\">Le mot du pr\u00e9sident &#8211; avril 2014<\/span>  <span class=\"meta-nav\">&rarr;<\/span><\/a><\/p>\n","protected":false},"author":43,"featured_media":0,"comment_status":"open","ping_status":"closed","sticky":false,"template":"","format":"standard","meta":{"footnotes":""},"categories":[11],"tags":[151,222,209,159,118,133,208],"class_list":["post-9261","post","type-post","status-publish","format-standard","hentry","category-mots-du-president","tag-linux","tag-mac-os","tag-sondage","tag-systeme-dexploitation","tag-windows-7","tag-windows-8","tag-windows-xp"],"_links":{"self":[{"href":"https:\/\/cimbcc.org\/test2\/wp-json\/wp\/v2\/posts\/9261","targetHints":{"allow":["GET"]}}],"collection":[{"href":"https:\/\/cimbcc.org\/test2\/wp-json\/wp\/v2\/posts"}],"about":[{"href":"https:\/\/cimbcc.org\/test2\/wp-json\/wp\/v2\/types\/post"}],"author":[{"embeddable":true,"href":"https:\/\/cimbcc.org\/test2\/wp-json\/wp\/v2\/users\/43"}],"replies":[{"embeddable":true,"href":"https:\/\/cimbcc.org\/test2\/wp-json\/wp\/v2\/comments?post=9261"}],"version-history":[{"count":12,"href":"https:\/\/cimbcc.org\/test2\/wp-json\/wp\/v2\/posts\/9261\/revisions"}],"predecessor-version":[{"id":25445,"href":"https:\/\/cimbcc.org\/test2\/wp-json\/wp\/v2\/posts\/9261\/revisions\/25445"}],"wp:attachment":[{"href":"https:\/\/cimbcc.org\/test2\/wp-json\/wp\/v2\/media?parent=9261"}],"wp:term":[{"taxonomy":"category","embeddable":true,"href":"https:\/\/cimbcc.org\/test2\/wp-json\/wp\/v2\/categories?post=9261"},{"taxonomy":"post_tag","embeddable":true,"href":"https:\/\/cimbcc.org\/test2\/wp-json\/wp\/v2\/tags?post=9261"}],"curies":[{"name":"wp","href":"https:\/\/api.w.org\/{rel}","templated":true}]}}