{"id":9373,"date":"2014-04-21T13:58:25","date_gmt":"2014-04-21T18:58:25","guid":{"rendered":"https:\/\/cimbcc.org\/test2\/?p=9373"},"modified":"2023-10-16T22:16:51","modified_gmt":"2023-10-17T02:16:51","slug":"echos-du-conseil-dadministration-avril-2014","status":"publish","type":"post","link":"https:\/\/cimbcc.org\/test2\/echos-du-conseil-dadministration-avril-2014\/","title":{"rendered":"\u00c9chos du conseil d\u2019administration \u2013 1er avril 2014"},"content":{"rendered":"<figure id=\"attachment_6374\" aria-describedby=\"caption-attachment-6374\" style=\"width: 450px\" class=\"wp-caption aligncenter\"><img loading=\"lazy\" decoding=\"async\" class=\"size-full wp-image-6374\" src=\"https:\/\/cimbcc.org\/test2\/wp-content\/uploads\/Photo-CA-2013-2014.jpg\" alt=\"\" width=\"450\" height=\"140\" srcset=\"https:\/\/cimbcc.org\/test2\/wp-content\/uploads\/Photo-CA-2013-2014.jpg 450w, https:\/\/cimbcc.org\/test2\/wp-content\/uploads\/Photo-CA-2013-2014-300x93.jpg 300w\" sizes=\"auto, (max-width: 450px) 100vw, 450px\" \/><figcaption id=\"caption-attachment-6374\" class=\"wp-caption-text\">Le conseil d\u2019administration est compos\u00e9 de Walter Pearce, R\u00e9jean C\u00f4t\u00e9, Sylvie Mazur, R\u00e9jean Daigle, Denis Dulude, Jacques Lalibert\u00e9, Danielle Charest Bourque, Michel Gagn\u00e9, Charles E. Blier, Andr\u00e9 Charest et Marie-Jos\u00e9 B\u00e2cle. Absent lors de la prise de photo : Yvon Gaudreau (en vignette).<\/figcaption><\/figure>\n<p style=\"text-align: justify;\">Pour sa derni\u00e8re r\u00e9union avant l\u2019assembl\u00e9e g\u00e9n\u00e9rale annuelle, le conseil d\u2019administration du CIMBCC a invit\u00e9 Pierre\u00a0Poisson, le nouveau responsable du service d\u2019assistance avant les s\u00e9ances, \u00e0 dresser le bilan de ce service et \u00e0 lui exposer les orientations retenues pour l\u2019an prochain.<\/p>\n<p><!--more--><\/p>\n<p style=\"text-align: justify;\">Pierre\u00a0Poisson a fait remarquer que l\u2019\u00e9quipe \u00e9tait compos\u00e9e de sept\u00a0b\u00e9n\u00e9voles dont deux sont disponibles \u00e0 chaque s\u00e9ance pour accueillir les membres qui cherchent une solution \u00e0 un probl\u00e8me technique. En moyenne, ces b\u00e9n\u00e9voles ont r\u00e9pondu aux questions de 8\u00a0membres, le mercredi, et de 14\u00a0membres, le vendredi.<\/p>\n<p style=\"text-align: justify;\">Plus de 70\u00a0sujets ont \u00e9t\u00e9 abord\u00e9s, les plus fr\u00e9quents \u00e9tant les messageries \u00e9lectroniques, l\u2019utilisation de l\u2019ordinateur et de ses p\u00e9riph\u00e9riques, Internet Explorer, les syst\u00e8mes d\u2019exploitation et Facebook. Quand le probl\u00e8me pos\u00e9 \u00e9tait trop complexe ou qu\u2019il exigeait plus de temps que celui qui \u00e9tait disponible, le membre \u00e9tait invit\u00e9 \u00e0 s\u2019adresser au service d\u2019assistance par courriel ou au coordonnateur de l\u2019assistance \u00e0 domicile.<\/p>\n<p style=\"text-align: justify;\">\u00c0 l\u2019avenir, le syst\u00e8me de num\u00e9ro que le membre doit obtenir \u00e0 l\u2019accueil pour avoir acc\u00e8s au service sera s\u00fbrement maintenu, la description du service sur le site du club aussi. Un effort particulier sera fait pour mieux r\u00e9partir le temps disponible entre les membres qui font appel au service. Comme par le pass\u00e9, ce service sera disponible pendant la demi-heure qui pr\u00e9c\u00e8de le d\u00e9but d\u2019une s\u00e9ance de pr\u00e9sentations et pendant les 15\u00a0premi\u00e8res minutes de la s\u00e9ance.<\/p>\n<p style=\"text-align: justify;\">Le conseil a ensuite invit\u00e9 Jacques\u00a0Lalibert\u00e9 \u00e0 faire le point sur le service de r\u00e9cup\u00e9ration auquel il participe et dont il est le parrain. Depuis sa cr\u00e9ation en 2005 sous l\u2019impulsion visionnaire de Pierre\u00a0St-Aubin, le service a r\u00e9cup\u00e9r\u00e9 445\u00a0645\u00a0kg de mat\u00e9riel informatique et \u00e9lectronique. En 2013, 103\u00a0645\u00a0kg de mat\u00e9riel ont \u00e9t\u00e9 recycl\u00e9s, ce qui repr\u00e9sente une augmentation de 45\u00a0% par rapport \u00e0 2012. Les travaux de r\u00e9cup\u00e9ration ont permis de faire don de 5\u00a0ordinateurs et de 3\u00a0970\u00a0$ \u00e0 des organismes communautaires de Saint-Bruno. Pour r\u00e9pondre aux besoins pressants du service, la Ville de Saint-Bruno a am\u00e9nag\u00e9 un local suppl\u00e9mentaire d\u2019entreposage, ce qui est convenable pour l\u2019instant.<\/p>\n<p style=\"text-align: justify;\">Le service poursuivra ses activit\u00e9s, mais le club ne disposant pas d\u2019une licence pour Windows\u00a07 comme c\u2019\u00e9tait le cas pour Windows\u00a0XP, les ordinateurs recycl\u00e9s ne pourront \u00eatre dot\u00e9s de ce syst\u00e8me d\u2019exploitation. L\u2019acqu\u00e9reur devra se le procurer lui-m\u00eame, la compatibilit\u00e9 de l\u2019ordinateur avec ce syst\u00e8me aura toutefois \u00e9t\u00e9 v\u00e9rifi\u00e9e.<\/p>\n<p style=\"text-align: justify;\">Le club cherche toujours de nouveaux b\u00e9n\u00e9voles, mais il ne para\u00eet pas illusoire de trouver ceux dont il a besoin parmi les 628\u00a0membres actuels. Ainsi, il faut trouver une personne qui pourra prendre la responsabilit\u00e9 de l\u2019\u00e9quipe du <em>CHIP<\/em>. Le r\u00f4le de cette personne consiste \u00e0 \u00e9tablir le calendrier des publications et \u00e0 coordonner le travail des \u00e9diteurs, des mod\u00e9rateurs et des collaborateurs r\u00e9guliers. Par ailleurs, le club cherche encore une\u00a0personne qui accepterait de donner un atelier sur la tablette qui fonctionne sous Android.<\/p>\n<p style=\"text-align: justify;\">Charles\u00a0Blier a annonc\u00e9 que Fran\u00e7ois\u00a0Dufour s\u2019est joint \u00e0 l\u2019\u00e9quipe des communications et il esp\u00e8re trouver encore un autre collaborateur. Afin de diminuer la pression sur l\u2019\u00e9quipe des communications, il a \u00e9t\u00e9 entendu que le message dominical pourra devenir un message hebdomadaire puisqu\u2019il pourra d\u00e9sormais \u00eatre transmis aux membres entre le vendredi soir et le dimanche soir. Par contre, l\u2019\u00e9ch\u00e9ance du vendredi midi devra \u00eatre respect\u00e9e pour le d\u00e9p\u00f4t des textes \u00e0 diffuser par l\u2019\u00e9quipe.<\/p>\n<p style=\"text-align: justify;\">Parmi les activit\u00e9s \u00e0 venir, la <em>Soir\u00e9e des membres<\/em> se tiendra le 30\u00a0avril. Tous y seront bienvenus, mais les b\u00e9n\u00e9voles qui ont \u0153uvr\u00e9 au club depuis 5\u00a0ans et plus y seront tout particuli\u00e8rement convi\u00e9s. Les b\u00e9n\u00e9voles ont aussi re\u00e7u une invitation \u00e0 participer au <em>Souper des b\u00e9n\u00e9voles<\/em> du 14\u00a0mai. Enfin, le conseil s\u2019est assur\u00e9 que le pr\u00e9sident d\u00e9tenait toutes les donn\u00e9es n\u00e9cessaires pour la pr\u00e9paration de l\u2019assembl\u00e9e g\u00e9n\u00e9rale annuelle du 16\u00a0avril. Le conseil a aussi confirm\u00e9 l\u2019adoption des \u00e9tats financiers de 2013-2014 ainsi que des pr\u00e9visions budg\u00e9taires de 2014-2015 qui lui ont \u00e9t\u00e9 pr\u00e9sent\u00e9s par Walter\u00a0Pearce.<\/p>\n<p style=\"text-align: justify;\">C\u2019est avec regret que le conseil a accept\u00e9 la d\u00e9mission de Denis\u00a0Dulude. Cette ann\u00e9e, Denis en \u00e9tait dans sa quatri\u00e8me\u00a0ann\u00e9e de b\u00e9n\u00e9volat au club. Apr\u00e8s avoir fait partie de l\u2019\u00e9quipe de soutien avant les s\u00e9ances, il avait pris la responsabilit\u00e9 de ce service. Il a \u00e9t\u00e9 r\u00e9\u00e9lu l\u2019an\u00a0dernier pour un mandat de deux\u00a0ans au conseil d\u2019administration. Son d\u00e9part cr\u00e9e une vacance au conseil qui pourra \u00eatre combl\u00e9e par une \u00e9lection dans le cadre de l\u2019assembl\u00e9e g\u00e9n\u00e9rale annuelle, mais nous tenons \u00e0 conserver son amiti\u00e9. Merci Denis!<\/p>\n<p>Sylvie Mazur<br \/>\nSecr\u00e9taire du CIMBCC<\/p>\n","protected":false},"excerpt":{"rendered":"<p>Pour sa derni\u00e8re r\u00e9union avant l\u2019assembl\u00e9e g\u00e9n\u00e9rale annuelle, le conseil d\u2019administration du CIMBCC a invit\u00e9 Pierre\u00a0Poisson, le nouveau responsable du service d\u2019assistance avant les s\u00e9ances, \u00e0 dresser le bilan de ce service et \u00e0 lui exposer les orientations retenues pour l\u2019an prochain.<\/p>\n","protected":false},"author":43,"featured_media":0,"comment_status":"open","ping_status":"closed","sticky":false,"template":"","format":"standard","meta":{"footnotes":""},"categories":[386],"tags":[],"class_list":["post-9373","post","type-post","status-publish","format-standard","hentry","category-echos-du-conseil-dadministration"],"_links":{"self":[{"href":"https:\/\/cimbcc.org\/test2\/wp-json\/wp\/v2\/posts\/9373","targetHints":{"allow":["GET"]}}],"collection":[{"href":"https:\/\/cimbcc.org\/test2\/wp-json\/wp\/v2\/posts"}],"about":[{"href":"https:\/\/cimbcc.org\/test2\/wp-json\/wp\/v2\/types\/post"}],"author":[{"embeddable":true,"href":"https:\/\/cimbcc.org\/test2\/wp-json\/wp\/v2\/users\/43"}],"replies":[{"embeddable":true,"href":"https:\/\/cimbcc.org\/test2\/wp-json\/wp\/v2\/comments?post=9373"}],"version-history":[{"count":8,"href":"https:\/\/cimbcc.org\/test2\/wp-json\/wp\/v2\/posts\/9373\/revisions"}],"predecessor-version":[{"id":25435,"href":"https:\/\/cimbcc.org\/test2\/wp-json\/wp\/v2\/posts\/9373\/revisions\/25435"}],"wp:attachment":[{"href":"https:\/\/cimbcc.org\/test2\/wp-json\/wp\/v2\/media?parent=9373"}],"wp:term":[{"taxonomy":"category","embeddable":true,"href":"https:\/\/cimbcc.org\/test2\/wp-json\/wp\/v2\/categories?post=9373"},{"taxonomy":"post_tag","embeddable":true,"href":"https:\/\/cimbcc.org\/test2\/wp-json\/wp\/v2\/tags?post=9373"}],"curies":[{"name":"wp","href":"https:\/\/api.w.org\/{rel}","templated":true}]}}