{"id":9397,"date":"2014-04-25T06:30:57","date_gmt":"2014-04-25T11:30:57","guid":{"rendered":"https:\/\/cimbcc.org\/test2\/?p=9397"},"modified":"2023-10-16T22:16:51","modified_gmt":"2023-10-17T02:16:51","slug":"sites-coup-de-coeur-avril-2014","status":"publish","type":"post","link":"https:\/\/cimbcc.org\/test2\/sites-coup-de-coeur-avril-2014\/","title":{"rendered":"Cyclisme"},"content":{"rendered":"<figure id=\"attachment_25432\" aria-describedby=\"caption-attachment-25432\" style=\"width: 125px\" class=\"wp-caption aligncenter\"><img loading=\"lazy\" decoding=\"async\" class=\"size-full wp-image-25432\" src=\"https:\/\/cimbcc.org\/test2\/wp-content\/uploads\/photo_blier_charles.jpg\" alt=\"\" width=\"125\" height=\"125\" \/><figcaption id=\"caption-attachment-25432\" class=\"wp-caption-text\"><span style=\"color: #ffffff;\">mmmn<\/span>Charles Blier<\/figcaption><\/figure>\n<h6 style=\"text-align: left;\">Pour les amateurs de cyclisme, voici mes sites coup de c\u0153ur!<\/h6>\n<p style=\"text-align: justify;\">Permettez-moi de vous pr\u00e9senter mon site personnel, <strong><em>V\u00e9lo CEB<\/em><\/strong> \u00e0 l\u2019adresse\u00a0: <a href=\"http:\/\/www.velo-ceb.com\/\" target=\"_blank\" rel=\"noopener\">www.velo-ceb.com<\/a>. Ce site vous permettra d\u2019acc\u00e9der \u00e0 mes sites Coup de c\u0153ur, qui sont des incontournables pour les amateurs de v\u00e9lo.<\/p>\n<p><!--more--><\/p>\n<p style=\"text-align: justify;\">Sur mon site, j\u2019aborde les sujets suivants que vous devez savoir\u00a0:<\/p>\n<ul>\n<li style=\"text-align: justify;\">Avant de commencer \u00e0 rouler, les pr\u00e9requis;<\/li>\n<li style=\"text-align: justify;\">Comment rouler en peloton sur piste cyclable;<\/li>\n<li style=\"text-align: justify;\">Comment freiner en toute s\u00e9curit\u00e9;<\/li>\n<li style=\"text-align: justify;\">Mise en forme pour le v\u00e9lo;<\/li>\n<li style=\"text-align: justify;\">La nutrition;<\/li>\n<li style=\"text-align: justify;\">L\u2019hydratation;<\/li>\n<li style=\"text-align: justify;\">L\u2019Entrainement;<\/li>\n<li style=\"text-align: justify;\">Les vitesses, quand et comment changer de vitesse;<\/li>\n<li style=\"text-align: justify;\">Chartes des vitesses;<\/li>\n<li style=\"text-align: justify;\">Les souliers de v\u00e9lo;<\/li>\n<li style=\"text-align: justify;\">Les p\u00e9dales,;<\/li>\n<li style=\"text-align: justify;\">La S\u00c9CURIT\u00c9;<\/li>\n<li style=\"text-align: justify;\">Aux intersections (comment les aborder);<\/li>\n<li style=\"text-align: justify;\">Randonn\u00e9es sur piste;<\/li>\n<li style=\"text-align: justify;\">Les itin\u00e9raires sur piste;<\/li>\n<li style=\"text-align: justify;\">Exemples de calendriers;<\/li>\n<li style=\"text-align: justify;\">Compilation des distances;<\/li>\n<li style=\"text-align: justify;\">Info sur les liens utiles;<\/li>\n<li style=\"text-align: justify;\">Suggestion de Clubs;<\/li>\n<li style=\"text-align: justify;\">Exemples de documents V\u00e9lo;<\/li>\n<li style=\"text-align: justify;\">Avant de fonder un V\u00e9lo Club;<\/li>\n<li style=\"text-align: justify;\">Incorporer un V\u00e9lo Club;<\/li>\n<li style=\"text-align: justify;\">R\u00e8gles de s\u00e9curit\u00e9 justifi\u00e9es;<\/li>\n<li style=\"text-align: justify;\">Parlons de s\u00e9curit\u00e9.<\/li>\n<\/ul>\n<p style=\"text-align: justify;\">Dans certaines pages, vous trouverez des documents et des classeurs Excel que vous pourrez t\u00e9l\u00e9charger pour les personnaliser et vous en servir selon vos propres besoins.<\/p>\n<p style=\"text-align: justify;\">M\u00eame si vous n\u2019\u00eates pas un cycliste, vous \u00eates tous invit\u00e9s \u00e0 explorer le site de la SAAQ. Comme utilisateurs de la voie publique, vous savez que la route se partage et qu\u2019il y a des r\u00e8gles de s\u00e9curit\u00e9 \u00e0 v\u00e9lo. Certaines s\u2019appliquent aux cyclistes et d\u2019autres s\u2019adressent aux automobilistes, mais tout conducteur de v\u00e9hicule automobile devrait connaitre ces r\u00e8gles pour \u00eatre en mesure de les respecter et pour prot\u00e9ger la s\u00e9curit\u00e9 et la vie des cyclistes.<\/p>\n<p style=\"text-align: justify;\">Voici les liens pour explorer mes sites Coup de c\u0153ur\u00a0:<\/p>\n<p style=\"text-align: justify; padding-left: 30px;\"><a href=\"http:\/\/www.saaq.gouv.qc.ca\/securite_routiere\/comportements\/index.php\/velo\/\" target=\"_blank\" rel=\"noopener\">Le site de la SAAQ <\/a><\/p>\n<p style=\"text-align: justify; padding-left: 30px;\"><a href=\"http:\/\/www.velo.qc.ca\/fr\/accueil\" target=\"_blank\" rel=\"noopener\">Le site de V\u00e9lo Qu\u00e9bec <\/a><\/p>\n<p style=\"text-align: justify; padding-left: 30px;\"><a href=\"http:\/\/www.velomag.com\/clubs-cyclistes\" target=\"_blank\" rel=\"noopener\">Le site de V\u00e9lo Mag <\/a><\/p>\n<p style=\"text-align: justify; padding-left: 30px;\"><a href=\"http:\/\/pistescyclables.ca\/Meilleures.htm\" target=\"_blank\" rel=\"noopener\">Le site les meilleures pistes cyclables au Qu\u00e9bec <\/a><\/p>\n<p style=\"text-align: justify; padding-left: 30px;\"><a href=\"http:\/\/www.iro.umontreal.ca\/~marcotte\/VeloBerville\/VeloBerville.html\" target=\"_blank\" rel=\"noopener\">Le site de V\u00e9loberville<\/a><\/p>\n<p style=\"text-align: justify;\">En plus de ces sites Coup de c\u0153ur, sur mon site personnel, vous trouverez d\u2019autres liens utiles.<\/p>\n<p style=\"text-align: justify;\"><strong>Pour le plaisir de rouler et vivre en sant\u00e9!<\/strong><\/p>\n<p style=\"text-align: justify;\">Charles E. Blier<\/p>\n","protected":false},"excerpt":{"rendered":"<p>Pour les amateurs de cyclisme, voici mes sites coup de c\u0153ur! Permettez-moi de vous pr\u00e9senter mon site personnel, V\u00e9lo CEB \u00e0 l\u2019adresse\u00a0: www.velo-ceb.com. Ce site vous permettra d\u2019acc\u00e9der \u00e0 mes sites Coup de c\u0153ur, qui sont des incontournables pour les amateurs de v\u00e9lo.<\/p>\n","protected":false},"author":43,"featured_media":0,"comment_status":"open","ping_status":"closed","sticky":false,"template":"","format":"standard","meta":{"footnotes":""},"categories":[12],"tags":[157,156],"class_list":["post-9397","post","type-post","status-publish","format-standard","hentry","category-sites-coup-de-coeur","tag-cyclisme","tag-velo"],"_links":{"self":[{"href":"https:\/\/cimbcc.org\/test2\/wp-json\/wp\/v2\/posts\/9397","targetHints":{"allow":["GET"]}}],"collection":[{"href":"https:\/\/cimbcc.org\/test2\/wp-json\/wp\/v2\/posts"}],"about":[{"href":"https:\/\/cimbcc.org\/test2\/wp-json\/wp\/v2\/types\/post"}],"author":[{"embeddable":true,"href":"https:\/\/cimbcc.org\/test2\/wp-json\/wp\/v2\/users\/43"}],"replies":[{"embeddable":true,"href":"https:\/\/cimbcc.org\/test2\/wp-json\/wp\/v2\/comments?post=9397"}],"version-history":[{"count":15,"href":"https:\/\/cimbcc.org\/test2\/wp-json\/wp\/v2\/posts\/9397\/revisions"}],"predecessor-version":[{"id":26143,"href":"https:\/\/cimbcc.org\/test2\/wp-json\/wp\/v2\/posts\/9397\/revisions\/26143"}],"wp:attachment":[{"href":"https:\/\/cimbcc.org\/test2\/wp-json\/wp\/v2\/media?parent=9397"}],"wp:term":[{"taxonomy":"category","embeddable":true,"href":"https:\/\/cimbcc.org\/test2\/wp-json\/wp\/v2\/categories?post=9397"},{"taxonomy":"post_tag","embeddable":true,"href":"https:\/\/cimbcc.org\/test2\/wp-json\/wp\/v2\/tags?post=9397"}],"curies":[{"name":"wp","href":"https:\/\/api.w.org\/{rel}","templated":true}]}}