{"id":9501,"date":"2014-05-23T06:30:25","date_gmt":"2014-05-23T11:30:25","guid":{"rendered":"https:\/\/cimbcc.org\/test2\/?p=9501"},"modified":"2023-10-16T22:16:10","modified_gmt":"2023-10-17T02:16:10","slug":"echos-du-conseil-dadministration-mai-2014","status":"publish","type":"post","link":"https:\/\/cimbcc.org\/test2\/echos-du-conseil-dadministration-mai-2014\/","title":{"rendered":"\u00c9chos du conseil d\u2019administration \u2013 mai 2014"},"content":{"rendered":"<figure id=\"attachment_9425\" aria-describedby=\"caption-attachment-9425\" style=\"width: 550px\" class=\"wp-caption aligncenter\"><a href=\"https:\/\/cimbcc.org\/test2\/wp-content\/uploads\/photo_ca_2014_2015.jpg\"><img loading=\"lazy\" decoding=\"async\" class=\"size-full wp-image-9425\" src=\"https:\/\/cimbcc.org\/test2\/wp-content\/uploads\/photo_ca_2014_2015.jpg\" alt=\"photo_ca_2014_2015\" width=\"550\" height=\"170\" srcset=\"https:\/\/cimbcc.org\/test2\/wp-content\/uploads\/photo_ca_2014_2015.jpg 550w, https:\/\/cimbcc.org\/test2\/wp-content\/uploads\/photo_ca_2014_2015-300x92.jpg 300w\" sizes=\"auto, (max-width: 550px) 100vw, 550px\" \/><\/a><figcaption id=\"caption-attachment-9425\" class=\"wp-caption-text\">Rang\u00e9e du haut: R\u00e9jean Daigle, Jacques Lalibert\u00e9, Charles E. Blier, Walter Pearce. Rang\u00e9e du bas: Yvon Gaudreau, Danielle Charest Bourque, Sylvie Mazur, Berthe Demers, R\u00e9jean C\u00f4t\u00e9, Michel Gagn\u00e9 et Marie-Jos\u00e9 B\u00e2cle<\/figcaption><\/figure>\n<p style=\"text-align: justify;\">Premi\u00e8re\u00a0r\u00e9union du conseil d\u2019administration de 2014-2015 o\u00f9 on a accueilli Berthe\u00a0Demers, \u00e9lue \u00e0 la derni\u00e8re assembl\u00e9e g\u00e9n\u00e9rale. D\u2019autres membres ont vu leur mandat renouvel\u00e9 pour deux\u00a0ans\u00a0: Danielle\u00a0Charest Bourque, R\u00e9jean\u00a0C\u00f4t\u00e9, R\u00e9jean\u00a0Daigle, Michel\u00a0Gagn\u00e9 et Walter\u00a0Pearce.<\/p>\n<p><!--more--><\/p>\n<p style=\"text-align: justify;\">L\u2019ex\u00e9cutif a \u00e9t\u00e9 r\u00e9\u00e9lu sans opposition au d\u00e9but de cette r\u00e9union\u00a0: le pr\u00e9sident est R\u00e9jean\u00a0C\u00f4t\u00e9, le vice-pr\u00e9sident est Michel\u00a0Gagn\u00e9, le tr\u00e9sorier est Walter\u00a0Pearce et la secr\u00e9taire du CIMBCC est Sylvie\u00a0Mazur. Le calendrier des r\u00e9unions du conseil d\u2019administration a aussi \u00e9t\u00e9 fix\u00e9 jusqu\u2019en juin\u00a02015. En g\u00e9n\u00e9ral, ces r\u00e9unions se tiennent le premier\u00a0mardi du mois, sauf en juillet o\u00f9 le conseil fait rel\u00e2che.<\/p>\n<p style=\"text-align: justify;\">Comme chaque\u00a0ann\u00e9e, les membres du conseil se sont partag\u00e9 le parrainage des activit\u00e9s du club. Le parrain ou la marraine a la responsabilit\u00e9 de faire le lien entre le conseil d\u2019administration et le responsable d\u2019une activit\u00e9 et son \u00e9quipe. D&rsquo;une part, le parrainage consiste \u00e0 bien conna\u00eetre le fonctionnement d\u2019une activit\u00e9, \u00e0 pr\u00e9senter celle-ci au conseil d\u2019administration ainsi que son bilan annuel et les besoins exprim\u00e9s par les b\u00e9n\u00e9voles responsables de sa r\u00e9alisation. D&rsquo;autre part, il s\u2019agit aussi de faire conna\u00eetre les demandes et les orientations du conseil \u00e0 l\u2019\u00e9quipe des b\u00e9n\u00e9voles et de la soutenir au besoin. Le parrainage se r\u00e9alise en \u00e9troite collaboration\u00a0avec le responsable de l\u2019activit\u00e9. Ce responsable est aussi le parrain quand il est l\u2019un des administrateurs \u00e9lus au conseil.<\/p>\n<p style=\"text-align: justify;\">Danielle\u00a0Bourque nous a annonc\u00e9 que le club avait atteint le nombre record de 634\u00a0membres le 30\u00a0avril\u00a0: c\u2019est du jamais vu\u00a0!<\/p>\n<p style=\"text-align: justify;\">En tant que responsable, Danielle a r\u00e9uni l\u2019\u00e9quipe des b\u00e9n\u00e9voles qui ont assur\u00e9 l\u2019accueil lors des s\u00e9ances de pr\u00e9sentation et la mise \u00e0 jour du registre des membres. Cette rencontre de fin d\u2019ann\u00e9e a permis de constater que tous \u00e9taient satisfaits et qu\u2019il n\u2019y a donc pas lieu de modifier ces activit\u00e9s pour la prochaine saison.<\/p>\n<p style=\"text-align: justify;\">Jacques\u00a0Lalibert\u00e9 a annonc\u00e9 que C\u00e9line\u00a0Dion s\u2019est jointe \u00e0 l\u2019\u00e9quipe de l\u2019assistance par courriel dont il est le responsable. Il esp\u00e9rait trouver un collaborateur capable de r\u00e9pondre aux questions portant sur le langage HTML et il \u00e9tait encore \u00e0 la recherche d\u2019une personne qui connait bien la plateforme Android. D&rsquo;ailleurs, le club cherche aussi un animateur pour un atelier sur une tablette Android, atelier qui fait l\u2019objet de demandes r\u00e9p\u00e9t\u00e9es de la part des membres. Enfin, le conseil a not\u00e9 que Diane\u00a0Ferland s\u2019\u00e9tait jointe \u00e0 l\u2019\u00e9quipe de l\u2019accueil et qu\u2019Ang\u00e8le\u00a0Provost avait propos\u00e9 ses services pour les activit\u00e9s sociales.<\/p>\n<p style=\"text-align: justify;\">Le conseil d\u2019administration a jug\u00e9 conforme le projet de proc\u00e8s-verbal de l\u2019assembl\u00e9e g\u00e9n\u00e9rale du 16\u00a0avril dernier. Ce proc\u00e8s-verbal sera soumis \u00e0 l\u2019approbation des membres lors de la prochaine assembl\u00e9e g\u00e9n\u00e9rale. Globalement, les membres du conseil ont manifest\u00e9 de la satisfaction \u00e0 l\u2019\u00e9gard du d\u00e9roulement de cette assembl\u00e9e g\u00e9n\u00e9rale qui a r\u00e9uni 70\u00a0membres.<\/p>\n<p style=\"text-align: justify;\">L\u2019histoire du club a d\u00e9j\u00e0 \u00e9t\u00e9 r\u00e9dig\u00e9e \u00e0 l\u2019occasion de son 25<sup>e<\/sup>\u00a0anniversaire. Ce texte r\u00e9vis\u00e9 par Francine Fortier a ensuite \u00e9t\u00e9 mis \u00e0 jour par Michel\u00a0Gagn\u00e9 pour souligner le 30<sup>e<\/sup>\u00a0anniversaire du club et\u00a0sera ins\u00e9r\u00e9 sur le site o\u00f9 chacun pourra le consulter.<\/p>\n<p style=\"text-align: justify;\">Charles\u00a0E.\u00a0Blier a annonc\u00e9 que le \u00ab\u00a0message dominical\u00a0\u00bb deviendra le \u00ab\u00a0message hebdomadaire\u00a0\u00bb avec la reprise des activit\u00e9s en septembre. En effet, le message pourra \u00eatre transmis aux membres entre le vendredi\u00a0soir et le dimanche\u00a0soir. De plus, Charles a rappel\u00e9 que l\u2019\u00e9quipe des communications serait heureuse d\u2019accueillir un autre collaborateur.<\/p>\n<p style=\"text-align: justify;\">La soir\u00e9e des membres du 30\u00a0avril a r\u00e9uni 79\u00a0membres malgr\u00e9 le mauvais temps. Cette soir\u00e9e fut l\u2019occasion de distribuer une carte-cadeau de la SAQ aux 24\u00a0b\u00e9n\u00e9voles qui ont consacr\u00e9 du temps au club depuis cinq (5)\u00a0ans ou plus. Voici la liste de ces b\u00e9n\u00e9voles \u00e9m\u00e9rites \u00e0 qui le conseil a d\u00e9cid\u00e9 de manifester sa reconnaissance\u00a0:<\/p>\n<p style=\"text-align: justify;\"><a href=\"https:\/\/cimbcc.org\/test2\/echos-du-conseil-dadministration-mai-2014\/image_sm_echos_ca_2014-05-23-2\" rel=\"attachment wp-att-9516\"><img loading=\"lazy\" decoding=\"async\" class=\"aligncenter size-full wp-image-9516\" src=\"https:\/\/cimbcc.org\/test2\/wp-content\/uploads\/Image_SM_Echos_CA_2014-05-231.jpg\" alt=\"Image_SM_Echos_CA_2014-05-23\" width=\"1005\" height=\"359\" srcset=\"https:\/\/cimbcc.org\/test2\/wp-content\/uploads\/Image_SM_Echos_CA_2014-05-231.jpg 1005w, https:\/\/cimbcc.org\/test2\/wp-content\/uploads\/Image_SM_Echos_CA_2014-05-231-300x107.jpg 300w\" sizes=\"auto, (max-width: 1005px) 100vw, 1005px\" \/><\/a><\/p>\n<p style=\"text-align: justify;\">\n","protected":false},"excerpt":{"rendered":"<p>Premi\u00e8re\u00a0r\u00e9union du conseil d\u2019administration de 2014-2015 o\u00f9 on a accueilli Berthe\u00a0Demers, \u00e9lue \u00e0 la derni\u00e8re assembl\u00e9e g\u00e9n\u00e9rale. D\u2019autres membres ont vu leur mandat renouvel\u00e9 pour deux\u00a0ans\u00a0: Danielle\u00a0Charest Bourque, R\u00e9jean\u00a0C\u00f4t\u00e9, R\u00e9jean\u00a0Daigle, Michel\u00a0Gagn\u00e9 et Walter\u00a0Pearce.<\/p>\n","protected":false},"author":43,"featured_media":0,"comment_status":"open","ping_status":"closed","sticky":false,"template":"","format":"standard","meta":{"footnotes":""},"categories":[386],"tags":[],"class_list":["post-9501","post","type-post","status-publish","format-standard","hentry","category-echos-du-conseil-dadministration"],"_links":{"self":[{"href":"https:\/\/cimbcc.org\/test2\/wp-json\/wp\/v2\/posts\/9501","targetHints":{"allow":["GET"]}}],"collection":[{"href":"https:\/\/cimbcc.org\/test2\/wp-json\/wp\/v2\/posts"}],"about":[{"href":"https:\/\/cimbcc.org\/test2\/wp-json\/wp\/v2\/types\/post"}],"author":[{"embeddable":true,"href":"https:\/\/cimbcc.org\/test2\/wp-json\/wp\/v2\/users\/43"}],"replies":[{"embeddable":true,"href":"https:\/\/cimbcc.org\/test2\/wp-json\/wp\/v2\/comments?post=9501"}],"version-history":[{"count":16,"href":"https:\/\/cimbcc.org\/test2\/wp-json\/wp\/v2\/posts\/9501\/revisions"}],"predecessor-version":[{"id":25425,"href":"https:\/\/cimbcc.org\/test2\/wp-json\/wp\/v2\/posts\/9501\/revisions\/25425"}],"wp:attachment":[{"href":"https:\/\/cimbcc.org\/test2\/wp-json\/wp\/v2\/media?parent=9501"}],"wp:term":[{"taxonomy":"category","embeddable":true,"href":"https:\/\/cimbcc.org\/test2\/wp-json\/wp\/v2\/categories?post=9501"},{"taxonomy":"post_tag","embeddable":true,"href":"https:\/\/cimbcc.org\/test2\/wp-json\/wp\/v2\/tags?post=9501"}],"curies":[{"name":"wp","href":"https:\/\/api.w.org\/{rel}","templated":true}]}}