{"id":9643,"date":"2014-06-20T10:51:40","date_gmt":"2014-06-20T15:51:40","guid":{"rendered":"https:\/\/cimbcc.org\/test2\/?p=9643"},"modified":"2023-10-16T22:16:10","modified_gmt":"2023-10-17T02:16:10","slug":"echos-du-conseil-dadministration-juin-2014","status":"publish","type":"post","link":"https:\/\/cimbcc.org\/test2\/echos-du-conseil-dadministration-juin-2014\/","title":{"rendered":"Echos du conseil d&rsquo;administration &#8211; juin 2014"},"content":{"rendered":"<figure id=\"attachment_9425\" aria-describedby=\"caption-attachment-9425\" style=\"width: 550px\" class=\"wp-caption aligncenter\"><img loading=\"lazy\" decoding=\"async\" class=\"size-full wp-image-9425\" src=\"https:\/\/cimbcc.org\/test2\/wp-content\/uploads\/photo_ca_2014_2015.jpg\" alt=\"photo_ca_2014_2015\" width=\"550\" height=\"170\" srcset=\"https:\/\/cimbcc.org\/test2\/wp-content\/uploads\/photo_ca_2014_2015.jpg 550w, https:\/\/cimbcc.org\/test2\/wp-content\/uploads\/photo_ca_2014_2015-300x92.jpg 300w\" sizes=\"auto, (max-width: 550px) 100vw, 550px\" \/><figcaption id=\"caption-attachment-9425\" class=\"wp-caption-text\">Rang\u00e9e du haut: R\u00e9jean Daigle, Jacques Lalibert\u00e9, Charles E. Blier, Walter Pearce. Rang\u00e9e du bas: Yvon Gaudreau, Danielle Charest Bourque, Sylvie Mazur, Berthe Demers, R\u00e9jean C\u00f4t\u00e9, Michel Gagn\u00e9 et Marie-Jos\u00e9 B\u00e2cle<\/figcaption><\/figure>\n<p style=\"text-align: justify;\">La derni\u00e8re r\u00e9union du conseil d\u2019administration avant les vacances a d\u00e9but\u00e9 par le bilan du souper des b\u00e9n\u00e9voles auquel 45 membres ont particip\u00e9. L\u2019ambiance conviviale, le repas et le lieu ont \u00e9t\u00e9 appr\u00e9ci\u00e9s par tous. Le conseil a f\u00e9licit\u00e9 Walter Pearce pour cette belle r\u00e9ussite.<\/p>\n<p style=\"text-align: justify;\"><!--more--><\/p>\n<p style=\"text-align: justify;\">Apr\u00e8s avoir constat\u00e9 que le club avait atteint le nombre de 637 membres, Danielle Bourque a annonc\u00e9 qu\u2019elle pr\u00e9sentera \u00e0 la r\u00e9union d\u2019ao\u00fbt l\u2019organisation pr\u00e9vue pour la <em>Journ\u00e9e d\u2019information et d\u2019inscription<\/em> du 3 septembre. Comme d\u2019habitude, il y aura trois pr\u00e9sentations du club et de ses activit\u00e9s \u00e0 14 h 30, \u00e0 16 h et \u00e0 19\u00a0h\u00a030. La premi\u00e8re pr\u00e9sentation \u00e9tant toujours bond\u00e9e, les membres du conseil ont souhait\u00e9 que plus de personnes assistent aux deux derni\u00e8res pr\u00e9sentations o\u00f9 il y a toujours de la place.<\/p>\n<p style=\"text-align: justify;\">Marie-Jos\u00e9 B\u00e2cle a pr\u00e9sent\u00e9 le projet de d\u00e9pliant sur le club pour 2014-2015 et le projet d\u2019affiche annon\u00e7ant l\u2019activit\u00e9 du 3 septembre. L\u2019un et l\u2019autre ont \u00e9t\u00e9 accueillis avec beaucoup de satisfaction.<\/p>\n<p style=\"text-align: justify;\">Berthe Demers a fait \u00e9tat d\u2019une rencontre des responsables d\u2019ateliers pour \u00e9valuer le fonctionnement de l\u2019ann\u00e9e qui se termine et pour \u00e9tablir les orientations \u00e0 privil\u00e9gier pour 2014-2015. Entre autres, il a \u00e9t\u00e9 d\u00e9cid\u00e9 que seuls seront annonc\u00e9s les ateliers pour lesquels un animateur a \u00e9t\u00e9 identifi\u00e9. L\u2019inscription aux ateliers se fera exclusivement par Internet du 2 au 8 septembre prochains.<\/p>\n<p style=\"text-align: justify;\">En tant que responsable des cours d\u2019initiation \u00e0 Internet et au courrier \u00e9lectronique donn\u00e9s dans les biblioth\u00e8ques, Michel Gagn\u00e9 a rappel\u00e9 les faits saillants de l\u2019ann\u00e9e qui se termine :<\/p>\n<ul>\n<li>les cours ont \u00e9t\u00e9 donn\u00e9s par 10 instructeurs dans les biblioth\u00e8ques de Saint-Bruno, de Saint-Basile-le-Grand et de Sainte-Julie;<\/li>\n<li>70 personnes ont \u00e9t\u00e9 form\u00e9es cette ann\u00e9e; elles ont re\u00e7u 18 heures de formation, dont 9 heures d\u2019exercices supervis\u00e9s;<\/li>\n<li>un cours pr\u00e9paratoire pour les personnes n\u2019ayant jamais utilis\u00e9 un ordinateur a \u00e9t\u00e9 d\u00e9velopp\u00e9 et donn\u00e9 \u00e0 une douzaine de personnes.<\/li>\n<\/ul>\n<p style=\"text-align: justify;\">Le conseil d\u2019administration a approuv\u00e9 l\u2019orientation suivante pour l\u2019ann\u00e9e 2014-2015 : les cours donn\u00e9s dans les biblioth\u00e8ques seront reconduits dans les trois biblioth\u00e8ques connues et avec le m\u00eame nombre de places disponibles.<\/p>\n<p style=\"text-align: justify;\">Danielle Bourque, responsable de l\u2019accueil, a tenu une rencontre d\u2019\u00e9valuation et de planification de l\u2019\u00e9quipe des b\u00e9n\u00e9voles qui assurent l\u2019accueil aux s\u00e9ances de pr\u00e9sentations. Tous se sont dits satisfaits du d\u00e9roulement de l\u2019accueil et proposent de maintenir cette activit\u00e9 telle quelle, ce que le conseil a aussi approuv\u00e9.<\/p>\n<p style=\"text-align: justify;\">Une partie de la rencontre a \u00e9t\u00e9 consacr\u00e9e \u00e0 la pr\u00e9sentation du <em>wiki<\/em> du club par Michel Gagn\u00e9 qui a utilis\u00e9, pour sa d\u00e9monstration, la section du wiki d\u00e9velopp\u00e9e par l\u2019\u00e9quipe responsable des ateliers. Il invite les autres \u00e9quipes \u00e0 profiter de cet outil fort utile pour mettre en commun les proc\u00e9dures \u00e0 respecter dans l\u2019accomplissement de leurs activit\u00e9s.<\/p>\n<blockquote>\n<p style=\"text-align: justify;\">Un <strong>wiki<\/strong> est un document collaboratif d\u00e9velopp\u00e9 par les membres d\u2019une \u00e9quipe. Un wiki se trouve dans le nuage informatique et plusieurs personnes peuvent le modifier ou le consulter en m\u00eame temps. Toutes les versions du document sont automatiquement sauvegard\u00e9es. Les administrateurs du wiki ont le contr\u00f4le sur les personnes qui peuvent y avoir acc\u00e8s en mode \u00e9dition, mais le wiki peut \u00eatre consult\u00e9 par tous.<\/p>\n<\/blockquote>\n<p style=\"text-align: justify;\">Bonnes vacances \u00e0 tous nos membres que nous retrouverons avec plaisir en septembre!<\/p>\n<p style=\"text-align: justify;\"><em>Sylvie Mazur<br \/>\nSecr\u00e9taire du CIMBCC<\/em><\/p>\n","protected":false},"excerpt":{"rendered":"<p>La derni\u00e8re r\u00e9union du conseil d\u2019administration avant les vacances a d\u00e9but\u00e9 par le bilan du souper des b\u00e9n\u00e9voles auquel 45 membres ont particip\u00e9. L\u2019ambiance conviviale, le repas et le lieu ont \u00e9t\u00e9 appr\u00e9ci\u00e9s par tous. Le conseil a f\u00e9licit\u00e9 Walter Pearce pour cette belle r\u00e9ussite.<\/p>\n","protected":false},"author":43,"featured_media":0,"comment_status":"open","ping_status":"closed","sticky":false,"template":"","format":"standard","meta":{"footnotes":""},"categories":[386],"tags":[947,269,126,906,143,594,948],"class_list":["post-9643","post","type-post","status-publish","format-standard","hentry","category-echos-du-conseil-dadministration","tag-affiche","tag-ateliers","tag-benevoles","tag-cours-dans-les-bibliotheques","tag-journee-dinformation-et-dinscription","tag-membres","tag-wiki"],"_links":{"self":[{"href":"https:\/\/cimbcc.org\/test2\/wp-json\/wp\/v2\/posts\/9643","targetHints":{"allow":["GET"]}}],"collection":[{"href":"https:\/\/cimbcc.org\/test2\/wp-json\/wp\/v2\/posts"}],"about":[{"href":"https:\/\/cimbcc.org\/test2\/wp-json\/wp\/v2\/types\/post"}],"author":[{"embeddable":true,"href":"https:\/\/cimbcc.org\/test2\/wp-json\/wp\/v2\/users\/43"}],"replies":[{"embeddable":true,"href":"https:\/\/cimbcc.org\/test2\/wp-json\/wp\/v2\/comments?post=9643"}],"version-history":[{"count":9,"href":"https:\/\/cimbcc.org\/test2\/wp-json\/wp\/v2\/posts\/9643\/revisions"}],"predecessor-version":[{"id":25414,"href":"https:\/\/cimbcc.org\/test2\/wp-json\/wp\/v2\/posts\/9643\/revisions\/25414"}],"wp:attachment":[{"href":"https:\/\/cimbcc.org\/test2\/wp-json\/wp\/v2\/media?parent=9643"}],"wp:term":[{"taxonomy":"category","embeddable":true,"href":"https:\/\/cimbcc.org\/test2\/wp-json\/wp\/v2\/categories?post=9643"},{"taxonomy":"post_tag","embeddable":true,"href":"https:\/\/cimbcc.org\/test2\/wp-json\/wp\/v2\/tags?post=9643"}],"curies":[{"name":"wp","href":"https:\/\/api.w.org\/{rel}","templated":true}]}}