{"id":9735,"date":"2014-08-13T05:06:14","date_gmt":"2014-08-13T10:06:14","guid":{"rendered":"https:\/\/cimbcc.org\/test2\/?p=9735"},"modified":"2023-10-16T22:16:10","modified_gmt":"2023-10-17T02:16:10","slug":"le-mot-du-president-aout-2014","status":"publish","type":"post","link":"https:\/\/cimbcc.org\/test2\/le-mot-du-president-aout-2014\/","title":{"rendered":"Le mot du pr\u00e9sident &#8211; ao\u00fbt 2014"},"content":{"rendered":"<figure id=\"attachment_23836\" aria-describedby=\"caption-attachment-23836\" style=\"width: 125px\" class=\"wp-caption aligncenter\"><img loading=\"lazy\" decoding=\"async\" class=\"size-full wp-image-23836\" src=\"https:\/\/cimbcc.org\/test2\/wp-content\/uploads\/photo_cote_rejean.jpg\" alt=\"\" width=\"125\" height=\"125\" \/><figcaption id=\"caption-attachment-23836\" class=\"wp-caption-text\"><span style=\"color: #ffffff;\">mmmm<\/span>R\u00e9jean C\u00f4t\u00e9<\/figcaption><\/figure>\n<p style=\"text-align: justify;\">Eh oui, c&rsquo;est bient\u00f4t le d\u00e9but de la nouvelle saison du CIMBCC!\u00a0Plusieurs b\u00e9n\u00e9voles travaillent d\u00e9j\u00e0 depuis plus de deux mois afin de mettre en place les activit\u00e9s 2014-2015 du Club informatique Mont-Bruno. Le conseil d&rsquo;administration s&rsquo;est r\u00e9uni au d\u00e9but du mois pour peaufiner cette rentr\u00e9e\u00a0qui arrive \u00e0 grands pas.<\/p>\n<p><!--more--><\/p>\n<h4><strong>La journ\u00e9e d&rsquo;information et d&rsquo;inscription<\/strong><\/h4>\n<p style=\"text-align: justify;\">Notre <em>journ\u00e9e d&rsquo;information et d&rsquo;inscription<\/em> aura lieu cette ann\u00e9e le <strong><em>3\u00a0septembre<\/em> <\/strong>au Centre communautaire de Saint-Bruno. Plus de 20 b\u00e9n\u00e9voles seront sur place pour accueillir ceux et celles qui viendront renouveler leur adh\u00e9sion ou s&rsquo;inscrire comme nouveaux membres. De plus, nous vous pr\u00e9senterons le programme de la nouvelle saison, et cela \u00e0 trois reprises au cours de la journ\u00e9e.<\/p>\n<p style=\"text-align: justify;\">Encore cette ann\u00e9e, nous vous offrirons plusieurs nouveaut\u00e9s qui sauront vous plaire!<\/p>\n<h4 style=\"text-align: justify;\"><strong>Surveillez nos courriels au cours des prochains jours<\/strong><\/h4>\n<ul>\n<li style=\"text-align: justify;\"><strong>Renouvellement des adh\u00e9sions<\/strong> : nous enverrons bient\u00f4t un premier courriel pour inviter nos membres \u00e0 renouveler leur adh\u00e9sion soit <strong>par la poste<\/strong> ou en venant\u00a0le faire <strong>en personne<\/strong> le 3\u00a0septembre.<\/li>\n<li style=\"text-align: justify;\"><strong>Inscription aux ateliers<\/strong> : l&rsquo;inscription aux ateliers se fera en ligne via notre site Web cette ann\u00e9e. Nous vous transmettrons bient\u00f4t par courriel tous les renseignements relatifs \u00e0 la proc\u00e9dure \u00e0 suivre pour s&rsquo;y inscrire.<\/li>\n<\/ul>\n<p style=\"text-align: justify;\">Je vous invite \u00e0 profiter de la\u00a0<em> journ\u00e9e d&rsquo;information et d&rsquo;inscription<\/em> du 3 septembre prochain pour venir nous rencontrer, cela nous fera plaisir de vous saluer. Je vous encourage \u00e9galement \u00e0 inviter un ou des amis(es) \u00e0 venir avec vous afin qu&rsquo;ils puissent se familiariser avec toutes les activit\u00e9s offertes par le club.<\/p>\n<p style=\"text-align: justify;\">Au plaisir de vous revoir bient\u00f4t, votre pr\u00e9sident qui, encore une fois cette ann\u00e9e, a bien h\u00e2te de vous rencontrer \u00e0\u00a0nouveau dans le cadre de nos activit\u00e9s offertes\u00a0pour\u00a02014-2015.<\/p>\n<p style=\"text-align: justify;\">R\u00e9jean C\u00f4t\u00e9, pr\u00e9sident<\/p>\n","protected":false},"excerpt":{"rendered":"<p>Eh oui, c&rsquo;est bient\u00f4t le d\u00e9but de la nouvelle saison du CIMBCC!\u00a0Plusieurs b\u00e9n\u00e9voles travaillent d\u00e9j\u00e0 depuis plus de deux mois afin de mettre en place les activit\u00e9s 2014-2015 du Club informatique Mont-Bruno. Le conseil d&rsquo;administration s&rsquo;est r\u00e9uni au d\u00e9but du mois pour peaufiner cette rentr\u00e9e\u00a0qui arrive \u00e0 grands pas.<\/p>\n","protected":false},"author":43,"featured_media":0,"comment_status":"open","ping_status":"closed","sticky":false,"template":"","format":"standard","meta":{"footnotes":""},"categories":[11],"tags":[143],"class_list":["post-9735","post","type-post","status-publish","format-standard","hentry","category-mots-du-president","tag-journee-dinformation-et-dinscription"],"_links":{"self":[{"href":"https:\/\/cimbcc.org\/test2\/wp-json\/wp\/v2\/posts\/9735","targetHints":{"allow":["GET"]}}],"collection":[{"href":"https:\/\/cimbcc.org\/test2\/wp-json\/wp\/v2\/posts"}],"about":[{"href":"https:\/\/cimbcc.org\/test2\/wp-json\/wp\/v2\/types\/post"}],"author":[{"embeddable":true,"href":"https:\/\/cimbcc.org\/test2\/wp-json\/wp\/v2\/users\/43"}],"replies":[{"embeddable":true,"href":"https:\/\/cimbcc.org\/test2\/wp-json\/wp\/v2\/comments?post=9735"}],"version-history":[{"count":11,"href":"https:\/\/cimbcc.org\/test2\/wp-json\/wp\/v2\/posts\/9735\/revisions"}],"predecessor-version":[{"id":25408,"href":"https:\/\/cimbcc.org\/test2\/wp-json\/wp\/v2\/posts\/9735\/revisions\/25408"}],"wp:attachment":[{"href":"https:\/\/cimbcc.org\/test2\/wp-json\/wp\/v2\/media?parent=9735"}],"wp:term":[{"taxonomy":"category","embeddable":true,"href":"https:\/\/cimbcc.org\/test2\/wp-json\/wp\/v2\/categories?post=9735"},{"taxonomy":"post_tag","embeddable":true,"href":"https:\/\/cimbcc.org\/test2\/wp-json\/wp\/v2\/tags?post=9735"}],"curies":[{"name":"wp","href":"https:\/\/api.w.org\/{rel}","templated":true}]}}