{"id":9998,"date":"2014-09-08T06:00:11","date_gmt":"2014-09-08T11:00:11","guid":{"rendered":"https:\/\/cimbcc.org\/test2\/?p=9998"},"modified":"2023-10-16T22:16:10","modified_gmt":"2023-10-17T02:16:10","slug":"le-mot-du-president-septembre-2014","status":"publish","type":"post","link":"https:\/\/cimbcc.org\/test2\/le-mot-du-president-septembre-2014\/","title":{"rendered":"Le mot du pr\u00e9sident &#8211; septembre 2014"},"content":{"rendered":"<figure id=\"attachment_23836\" aria-describedby=\"caption-attachment-23836\" style=\"width: 125px\" class=\"wp-caption aligncenter\"><img loading=\"lazy\" decoding=\"async\" class=\"size-full wp-image-23836\" src=\"https:\/\/cimbcc.org\/test2\/wp-content\/uploads\/photo_cote_rejean.jpg\" alt=\"\" width=\"125\" height=\"125\" \/><figcaption id=\"caption-attachment-23836\" class=\"wp-caption-text\"><span style=\"color: #ffffff;\">mmmm<\/span>R\u00e9jean C\u00f4t\u00e9<\/figcaption><\/figure>\n<p style=\"text-align: justify;\">Durant la saison estivale, j&rsquo;ai souvent l&rsquo;occasion de rencontrer des membres du club, que ce soit au centre d&rsquo;achat, au restaurant, \u00e0 une des soir\u00e9es musicales \u00e0 Saint-Bruno ou ailleurs. Lors de ces rencontres, c&rsquo;est toujours un plaisir pour moi de vous saluer. Avec le site du club et les courriels hebdomadaires, on a la chance de garder un certain contact avec les membres tout au long de l&rsquo;ann\u00e9e.<\/p>\n<p style=\"text-align: justify;\"><!--more--><\/p>\n<p style=\"text-align: justify;\">La <em>journ\u00e9e d&rsquo;information et d&rsquo;inscription<\/em> du 3 septembre a \u00e9t\u00e9 tr\u00e8s appr\u00e9ci\u00e9e par les membres. Danielle Bourque, responsable de cette journ\u00e9e sp\u00e9ciale, et\u00a0plus de <strong>20\u00a0b\u00e9n\u00e9voles<\/strong> ont accueilli\u00a0<strong>174 membres<\/strong> et <span style=\"color: #000000;\">\u00a0<\/span><strong>84 visiteurs<\/strong>\u00a0au Centre communautaire de Saint-Bruno,\u00a0et cela\u00a0pour s&rsquo;inscrire, renouveler leur adh\u00e9sion ou encore pour s&rsquo;informer sur les services offerts par le club.<\/p>\n<p style=\"text-align: justify;\">Le 31 juillet dernier, le club comptait <strong>636 membres<\/strong>, soit une centaine de membres de plus que l&rsquo;an dernier. De ce nombre, il y avait <strong>456 membres \u00e0 titre individuel<\/strong> et\u00a0<strong>180 membres en couple<\/strong>. Ce groupe \u00e9tait repr\u00e9sent\u00e9 par <strong>344 femmes<\/strong> et par\u00a0<strong>292 hommes<\/strong>.<\/p>\n<p style=\"text-align: justify;\">Le blogue du club est interactif et il est ouvert \u00e0 tous vos commentaires afin que vous puissiez vous exprimer librement sur nos articles. On voit que les membres prennent de plus en plus de plaisir \u00e0 laisser leurs commentaires et l&rsquo;interaction entre ceux qui \u00e9crivent les articles et les membres devient tr\u00e8s int\u00e9ressante \u00e0 suivre.<\/p>\n<p style=\"text-align: justify;\">Cette ann\u00e9e le nombre de s\u00e9ances de pr\u00e9sentation sera \u00e0 peu pr\u00e8s le m\u00eame que l&rsquo;an dernier (54 s\u00e9ances). Comme par le pass\u00e9, il y aura des pr\u00e9sentations de la s\u00e9rie <em><strong>Facile<\/strong><\/em>, des pr\u00e9sentations de la s\u00e9rie <em><strong>D\u00e9couverte<\/strong><\/em>. Les pr\u00e9sentations populaires comme la tablette \u00e9lectronique <em>iPad<\/em>, <em>Facebook<\/em> et <em>Skype<\/em> seront de retour. Il y aura certaines nouveaut\u00e9s comme l&rsquo;imprimante en r\u00e9seau et <em>One Drive<\/em>. Pour ceux qui ont le syst\u00e8me d&rsquo;exploitation <em>Windows 8.1<\/em>, ou pour ceux qui veulent le conna\u00eetre, il y aura deux pr\u00e9sentations sur le sujet en septembre.<\/p>\n<p style=\"text-align: justify;\">C&rsquo;est Berthe Demers qui est maintenant responsable des ateliers du club. Il y aura 11 ateliers cet automne. Cette ann\u00e9e, l&rsquo;inscription aux ateliers s&rsquo;est faite par courriel et on esp\u00e8re que vous avez appr\u00e9ci\u00e9 cette nouvelle fa\u00e7on de faire. L&rsquo;animation d&rsquo;un atelier est tr\u00e8s valorisante et c&rsquo;est aussi une belle fa\u00e7on d&rsquo;approfondir un sujet. Alors, si vous avez le go\u00fbt d&rsquo;\u00eatre l&rsquo;animateur d&rsquo;un atelier, sur un sujet qui vous tient \u00e0 c\u0153ur, \u00e7a nous fera plaisir de vous apporter toute l&rsquo;aide n\u00e9cessaire pour la r\u00e9ussite de votre projet. Il y aura aussi deux ateliers de soutien aux d\u00e9butants \u00e0 la biblioth\u00e8que de Saint-Bruno.<\/p>\n<p style=\"text-align: justify;\">Des cours d&rsquo;initiation \u00e0 Internet seront encore donn\u00e9s dans les biblioth\u00e8ques de Saint-Bruno, Saint-Basile et Sainte-Julie. Il y a trois niveaux de cours d&rsquo;initiation, un cours pr\u00e9paratoire, un cours de niveau 1 et un cours de niveau 2. Si vous connaissez des membres de votre famille ou des amis qui aimeraient profiter de ces cours d&rsquo;initiation \u00e0 Internet, dites-leur de communiquer avec nous. C&rsquo;est gratuit et il n&rsquo;est pas n\u00e9cessaire d&rsquo;\u00eatre membre du club pour y assister.<\/p>\n<p style=\"text-align: justify;\">Comme d&rsquo;habitude, nous sommes \u00e0 la recherche de nouveaux b\u00e9n\u00e9voles afin de pouvoir continuer d&rsquo;offrir \u00e0 nos membres tous nos services actuels. Nous souhaitons all\u00e9ger la t\u00e2che de nos supers b\u00e9n\u00e9voles. Nous avons pr\u00e9sentement 70 b\u00e9n\u00e9voles qui travaillent pour vous. Nous souhaitons la bienvenue \u00e0 ceux et celles qui veulent se joindre \u00e0 l&rsquo;\u00e9quipe. Votre participation est pr\u00e9cieuse et m\u00eame n\u00e9cessaire au bon fonctionnement du club.<\/p>\n<p>R\u00e9jean C\u00f4t\u00e9, pr\u00e9sident<\/p>\n","protected":false},"excerpt":{"rendered":"<p>Durant la saison estivale, j&rsquo;ai souvent l&rsquo;occasion de rencontrer des membres du club, que ce soit au centre d&rsquo;achat, au restaurant, \u00e0 une des soir\u00e9es musicales \u00e0 Saint-Bruno ou ailleurs. Lors de ces rencontres, c&rsquo;est toujours un plaisir pour moi de vous saluer. Avec le site du club et les courriels hebdomadaires, on a la &hellip; <a href=\"https:\/\/cimbcc.org\/test2\/le-mot-du-president-septembre-2014\/\" class=\"more-link\">Continuer la lecture de <span class=\"screen-reader-text\">Le mot du pr\u00e9sident &#8211; septembre 2014<\/span>  <span class=\"meta-nav\">&rarr;<\/span><\/a><\/p>\n","protected":false},"author":43,"featured_media":0,"comment_status":"open","ping_status":"closed","sticky":false,"template":"","format":"standard","meta":{"footnotes":""},"categories":[11],"tags":[371,370,143],"class_list":["post-9998","post","type-post","status-publish","format-standard","hentry","category-mots-du-president","tag-decouverte","tag-facile","tag-journee-dinformation-et-dinscription"],"_links":{"self":[{"href":"https:\/\/cimbcc.org\/test2\/wp-json\/wp\/v2\/posts\/9998","targetHints":{"allow":["GET"]}}],"collection":[{"href":"https:\/\/cimbcc.org\/test2\/wp-json\/wp\/v2\/posts"}],"about":[{"href":"https:\/\/cimbcc.org\/test2\/wp-json\/wp\/v2\/types\/post"}],"author":[{"embeddable":true,"href":"https:\/\/cimbcc.org\/test2\/wp-json\/wp\/v2\/users\/43"}],"replies":[{"embeddable":true,"href":"https:\/\/cimbcc.org\/test2\/wp-json\/wp\/v2\/comments?post=9998"}],"version-history":[{"count":10,"href":"https:\/\/cimbcc.org\/test2\/wp-json\/wp\/v2\/posts\/9998\/revisions"}],"predecessor-version":[{"id":25397,"href":"https:\/\/cimbcc.org\/test2\/wp-json\/wp\/v2\/posts\/9998\/revisions\/25397"}],"wp:attachment":[{"href":"https:\/\/cimbcc.org\/test2\/wp-json\/wp\/v2\/media?parent=9998"}],"wp:term":[{"taxonomy":"category","embeddable":true,"href":"https:\/\/cimbcc.org\/test2\/wp-json\/wp\/v2\/categories?post=9998"},{"taxonomy":"post_tag","embeddable":true,"href":"https:\/\/cimbcc.org\/test2\/wp-json\/wp\/v2\/tags?post=9998"}],"curies":[{"name":"wp","href":"https:\/\/api.w.org\/{rel}","templated":true}]}}